{"id":340,"date":"2017-07-03T19:12:53","date_gmt":"2017-07-03T18:12:53","guid":{"rendered":"http:\/\/wollef.org\/?p=340"},"modified":"2017-07-03T19:12:53","modified_gmt":"2017-07-03T18:12:53","slug":"histoire-des-ordinateurs-les-premiers-ordinateurs-programmables-24","status":"publish","type":"post","link":"https:\/\/wollef.org\/blog\/histoire-des-ordinateurs-les-premiers-ordinateurs-programmables-24\/","title":{"rendered":"Histoire des ordinateurs &#8211; Les premiers ordinateurs programmables &#8211; 2\/4"},"content":{"rendered":"<p>Par la suite d\u2019autres ing\u00e9nieurs continuent \u00e0 r\u00e9fl\u00e9chir \u00e0 la mani\u00e8re de r\u00e9aliser cette machine programmable : on peut y \u00e9crire ses propres suites de commandes qui dirigeront les calculs de l\u2019ordinateur :<\/p>\n<ul>\n<li>En 1938,\u00a0Konrad Zune\u00a0invente progressivement un pr\u00e9curseur de l\u2019ordinateur, la machine Z3 qui fonctionne avec un programme qui peut tout calculer, en utilisant une <strong>logique binaire<\/strong> ( 0 et 1) et non une logique d\u00e9cimale (0,1, 2, \u2026 9).<\/li>\n<li>Peu avant, Alan Turing, un math\u00e9maticien, invente l\u2019id\u00e9e d\u2019une machine g\u00e9n\u00e9rale qui peut \u00eatre programm\u00e9e et en imagine les composants, les caract\u00e9ristiques et le fonctionnement. Il aidera \u00e0 la conception de diff\u00e9rents ordinateurs par la suite.<\/li>\n<li>En 1937, Howard Aiken met au point un ordinateur programmable mesurant 17 m de long et 2.5 m\u00e8tres de hauteur, permettant de calculer 5 fois plus vite que l&#8217;homme :\u00a0 C&#8217;est <strong>\u00a0le\u00a0Mark l\u00a0 <\/strong>d&#8217;IBM.\u00a0 Il est alors constitu\u00e9 de 3300 engrenages et 1400 commutateurs reli\u00e9s par 800 km de fil \u00e9lectrique.<\/li>\n<\/ul>\n<p><img loading=\"lazy\" decoding=\"async\" class=\" wp-image-385 aligncenter\" src=\"http:\/\/wollef.org\/wp-content\/uploads\/2017\/07\/image-1-a-300x238.png\" alt=\"\" width=\"309\" height=\"245\" \/><\/p>\n<ul>\n<li>En 1947, <strong>le\u00a0Mark II<\/strong>\u00a0voit le jour, ses <strong>engrenages<\/strong> sont remplac\u00e9s par des composants \u00e9lectroniques.<\/li>\n<\/ul>\n<p><img loading=\"lazy\" decoding=\"async\" class=\"size-medium wp-image-386 aligncenter\" src=\"http:\/\/wollef.org\/wp-content\/uploads\/2017\/07\/image-1b-300x224.png\" alt=\"\" width=\"300\" height=\"224\" \/><\/p>\n<ul>\n<li>A partir de ce moment tout va tr\u00e8s vite. Les id\u00e9es sont pos\u00e9es, la technologie se d\u00e9veloppe, et c\u2019est l\u2019explosion de l\u2019informatique. En 1943, le premier ordinateur ne comportant plus de pi\u00e8ces m\u00e9caniques est cr\u00e9\u00e9 gr\u00e2ce \u00e0\u00a0J.Mauchly\u00a0et\u00a0J.Presper Eckert\u00a0: <strong>l&#8217;ENIAC<\/strong> (Electronic Numerical Integrator And Computer). Puis est con\u00e7u<strong> l&#8217;EDVAC<\/strong> (Electronic Discrete Variable Computer) permettant de stocker les programmes en m\u00e9moire (1024 mots en m\u00e9moire centrale et 20000 mots en m\u00e9moire magn\u00e9tique).<\/li>\n<\/ul>\n","protected":false},"excerpt":{"rendered":"<p>Par la suite d\u2019autres ing\u00e9nieurs continuent \u00e0 r\u00e9fl\u00e9chir \u00e0 la mani\u00e8re de r\u00e9aliser cette machine programmable : on peut y \u00e9crire ses propres suites de commandes qui dirigeront les calculs de l\u2019ordinateur : En 1938,\u00a0Konrad Zune\u00a0invente progressivement un pr\u00e9curseur de l\u2019ordinateur, la machine Z3 qui fonctionne avec un programme qui peut tout calculer, en utilisant <a class=\"read-more\" href=\"https:\/\/wollef.org\/blog\/histoire-des-ordinateurs-les-premiers-ordinateurs-programmables-24\/\">Continue Reading<\/a><\/p>\n","protected":false},"author":1,"featured_media":0,"comment_status":"closed","ping_status":"closed","sticky":false,"template":"","format":"standard","meta":{"footnotes":""},"categories":[27,4],"tags":[],"class_list":["post-340","post","type-post","status-publish","format-standard","hentry","category-2017-histoire-des-ordinateurs-construction-dun-ordinateur-personnel","category-histoire"],"_links":{"self":[{"href":"https:\/\/wollef.org\/blog\/wp-json\/wp\/v2\/posts\/340","targetHints":{"allow":["GET"]}}],"collection":[{"href":"https:\/\/wollef.org\/blog\/wp-json\/wp\/v2\/posts"}],"about":[{"href":"https:\/\/wollef.org\/blog\/wp-json\/wp\/v2\/types\/post"}],"author":[{"embeddable":true,"href":"https:\/\/wollef.org\/blog\/wp-json\/wp\/v2\/users\/1"}],"replies":[{"embeddable":true,"href":"https:\/\/wollef.org\/blog\/wp-json\/wp\/v2\/comments?post=340"}],"version-history":[{"count":0,"href":"https:\/\/wollef.org\/blog\/wp-json\/wp\/v2\/posts\/340\/revisions"}],"wp:attachment":[{"href":"https:\/\/wollef.org\/blog\/wp-json\/wp\/v2\/media?parent=340"}],"wp:term":[{"taxonomy":"category","embeddable":true,"href":"https:\/\/wollef.org\/blog\/wp-json\/wp\/v2\/categories?post=340"},{"taxonomy":"post_tag","embeddable":true,"href":"https:\/\/wollef.org\/blog\/wp-json\/wp\/v2\/tags?post=340"}],"curies":[{"name":"wp","href":"https:\/\/api.w.org\/{rel}","templated":true}]}}